{"id":4204,"date":"2025-03-23T17:43:38","date_gmt":"2025-03-23T15:43:38","guid":{"rendered":"https:\/\/tazig.fr\/?p=4204"},"modified":"2025-07-23T09:11:46","modified_gmt":"2025-07-23T07:11:46","slug":"agenda-avril-juin-2025","status":"publish","type":"post","link":"https:\/\/tazig.fr\/index.php\/2025\/03\/23\/agenda-avril-juin-2025\/","title":{"rendered":"Agenda Avril &#8211; Juin 2025"},"content":{"rendered":"\t\t<div data-elementor-type=\"wp-post\" data-elementor-id=\"4204\" class=\"elementor elementor-4204\" data-elementor-post-type=\"post\">\n\t\t\t\t\t\t<section class=\"elementor-section elementor-top-section elementor-element elementor-element-7d8ccea7 elementor-section-boxed elementor-section-height-default elementor-section-height-default\" data-id=\"7d8ccea7\" data-element_type=\"section\">\n\t\t\t\t\t\t<div class=\"elementor-container elementor-column-gap-default\">\n\t\t\t\t\t<div class=\"elementor-column elementor-col-100 elementor-top-column elementor-element elementor-element-1d6ee94e\" data-id=\"1d6ee94e\" data-element_type=\"column\">\n\t\t\t<div class=\"elementor-widget-wrap elementor-element-populated\">\n\t\t\t\t\t\t<div class=\"elementor-element elementor-element-1b9d98b1 elementor-widget elementor-widget-text-editor\" data-id=\"1b9d98b1\" data-element_type=\"widget\" data-widget_type=\"text-editor.default\">\n\t\t\t\t<div class=\"elementor-widget-container\">\n\t\t\t\t\t\t\t\t\t<p><span style=\"color: #000080;\"><img fetchpriority=\"high\" decoding=\"async\" class=\"size-medium wp-image-2270 aligncenter\" src=\"https:\/\/tazig.fr\/wp-content\/uploads\/2021\/04\/Temple-des-protecteurs-Menri-300x169.jpg\" alt=\"\" width=\"300\" height=\"169\" srcset=\"https:\/\/tazig.fr\/wp-content\/uploads\/2021\/04\/Temple-des-protecteurs-Menri-300x169.jpg 300w, https:\/\/tazig.fr\/wp-content\/uploads\/2021\/04\/Temple-des-protecteurs-Menri-1024x577.jpg 1024w, https:\/\/tazig.fr\/wp-content\/uploads\/2021\/04\/Temple-des-protecteurs-Menri-768x433.jpg 768w, https:\/\/tazig.fr\/wp-content\/uploads\/2021\/04\/Temple-des-protecteurs-Menri-1536x866.jpg 1536w, https:\/\/tazig.fr\/wp-content\/uploads\/2021\/04\/Temple-des-protecteurs-Menri-2048x1154.jpg 2048w\" sizes=\"(max-width: 300px) 100vw, 300px\" \/><\/span><\/p><h4><strong><span style=\"color: #800000;\">Retrouvez tous les rendez-vous des enseignements de <span style=\"color: #ff0000;\">Lama Samten Y\u00e9sh\u00e9 Rinpoch\u00e9<\/span> du mois d&rsquo;avril 2025 \u00e0 juin 2025. Toutes les informations sur les retraites, cliquez sur le lien <a href=\"https:\/\/tazig.fr\/index.php\/2017\/08\/16\/agenda-retraites\/\">Agenda des Retraites<\/a>.<br \/><\/span><\/strong><\/h4><p><span style=\"text-decoration: underline; color: #ff0000;\"><span style=\"font-size: 12pt; background-color: #ffff99;\"><strong>Journ\u00e9es mensuelles<\/strong><\/span><\/span><\/p><p style=\"padding-left: 40px;\"><span style=\"color: #333399;\"><strong><span style=\"color: #000000;\"><span style=\"color: #800000;\">A Lauris (84)<\/span><span style=\"color: #333333;\">,<\/span><\/span><span style=\"color: #333333;\"> rendez-vous mensuels le <\/span><span style=\"color: #ff6600;\">dimanche 4<\/span><\/strong><\/span><span style=\"color: #333399;\"><strong><span style=\"color: #ff6600;\"> mai 2025<span style=\"color: #333333;\">, le<\/span> dimanche 7 septembre 2025<\/span><\/strong><\/span><span style=\"color: #333399;\"><strong><span style=\"color: #333333;\">, de 10h \u00e0 17h <\/span><\/strong><\/span><span style=\"color: #000000;\"><span style=\"color: #333333;\"><strong>au \u00ab\u00a0Grand Jardin d&rsquo;Elisabeth\u00a0\u00bb, 15, avenue de la Gare<\/strong><\/span><strong><span style=\"color: #333333;\">.<\/span><\/strong> <span style=\"color: #333333;\"><strong>\u2013<\/strong> R\u00e9servation : <\/span><span style=\"color: #3798d4;\">Lauris@tazig.fr <span style=\"color: #333333;\">ou par<\/span> <span style=\"color: #333333;\">SMS<\/span> <span style=\"color: #333333;\">au<\/span> 06 33 40 99 43<br \/><span style=\"color: #000000;\"><em>Pas de journ\u00e9e en avril et en juin en raison des deux \u00e9v\u00e8nements.<\/em><\/span><\/span><\/span><\/p><p style=\"padding-left: 40px;\"><strong><span style=\"color: #800000;\">A Millau (12)<\/span>,<span style=\"color: #333333;\"> rendez-vous mensuels le <\/span><span style=\"color: #ff6600;\">dimanche 18 mai 2025 <\/span><span style=\"color: #333333;\">et le<\/span> <span style=\"color: #ff6600;\">dimanche 15 juin 2025 <\/span><\/strong><strong><span style=\"color: #333333;\">de 10h \u00e0 17h \u00e0 Bussac, Commune de Saint Rome de Cernon 12490<\/span><\/strong> <strong>\u2013 <\/strong><span style=\"color: #333333;\">R\u00e9servation\u00a0:<\/span> <span style=\"color: #59aceb;\"><a style=\"color: #59aceb;\" href=\"mailto:millau@tazig.fr\"><span style=\"color: #3798d4;\">millau@tazig.fr<\/span><\/a><br \/><span style=\"color: #000000;\"><em>Pas de journ\u00e9e en juin.<\/em><\/span><\/span><\/p><p style=\"padding-left: 40px;\"><span style=\"color: #000000;\">Tarif : 35 euros + adh\u00e9sion \u00e0 l&rsquo;association Tazig : 15 euros (20 euros pour un couple) du 1er septembre 2024 au 31 ao\u00fbt 2025. <\/span><br \/><span style=\"color: #000000;\">Partage d&rsquo;un repas v\u00e9g\u00e9tarien tir\u00e9 du sac, chacun apporte du sal\u00e9 ou du sucr\u00e9. Email g\u00e9n\u00e9ral \u00e0 contact@tazig.fr ou par t\u00e9l\u00e9phone au 07 83 38 96 89 .<br \/><\/span><\/p><div><span style=\"text-decoration: underline; background-color: #ffff99; color: #ff0000;\"><strong>Ev\u00e8nement exceptionnel le samedi 12 et dimanche 13 avril 2025<\/strong><\/span><span style=\"background-color: #ffff99; color: #ff0000;\"><strong>\u00a0&#8211; <\/strong><\/span><span style=\"color: #ff6600;\"><strong style=\"font-size: 1.0625rem;\">Venue de son Eminence MENRI PONLOP RINPOCHE \u00e0 Lauris<\/strong><\/span><\/div><div><p style=\"font-weight: 400; padding-left: 40px;\"><span style=\"color: #000080;\">Nous aurons la joie d&rsquo;accueillir pour la 2\u00e8me ann\u00e9e cons\u00e9cutive, Menri Ponlop Rinpoch\u00e9, responsable des enseignements B\u00f6n du monast\u00e8re de Dolanji en Inde.<\/span><\/p><p style=\"font-weight: 400; padding-left: 40px;\"><span style=\"color: #000080;\"><strong>La 1<\/strong><strong><sup>\u00e8re<\/sup><\/strong><strong>\u00a0journ\u00e9e<\/strong>\u00a0sera consacr\u00e9e \u00e0 l&rsquo;enseignement et \u00e0 la pratique de longue vie du Bouddha Ts\u00e9wang Rigdzin, pour le bien de tous les \u00eatres sensibles dans le monde et aux plus proches de nous. En cette p\u00e9riode difficile que nous traversons, il est important de purifier notre karma afin de surmonter les obstacles qui nous entourent, les guerres, les cataclysmes, les maladies ainsi que ceux li\u00e9s aux \u00e9motions n\u00e9gatives. Avec confiance nous r\u00e9citerons le mantra de longue vie ainsi que celui de Sh\u00e9rab Chamma, la m\u00e8re de l&rsquo;amour.<\/span><\/p><p style=\"font-weight: 400; padding-left: 40px;\"><span style=\"color: #000080;\"><strong>La 2<\/strong><strong><sup>\u00e8<\/sup><\/strong><strong>\u00a0journ\u00e9e<\/strong>\u00a0sera consacr\u00e9e \u00e0 l&rsquo;enseignement et \u00e0 la pratique du Garuda Rouge, Khyung Mar, c&rsquo;est un Yidam tr\u00e8s puissant, associ\u00e9 \u00e0 l&rsquo;\u00e9l\u00e9ment feu qui apporte protection et transformation positive \u00e0 tous les \u00eatres. Il nous permet de dissiper tous les obstacles et obscurcissements. C&rsquo;est une m\u00e9decine spirituelle puissante qui surmonte la maladie et r\u00e9tablit un \u00e9quilibre de gu\u00e9rison pour tous les \u00eatres. Il transforme les cinq poisons en sagesses et lib\u00e8re les \u00eatres sensibles de la souffrance.\u00a0<\/span><\/p><p style=\"font-weight: 400; padding-left: 40px;\"><strong><span style=\"color: #ff0000;\">Inscription et d\u00e9tails des tarifs via Helloasso<\/span><br \/><\/strong><span style=\"color: #0000ff;\"><strong><u><a style=\"color: #0000ff;\" href=\"https:\/\/www.helloasso.com\/associations\/tazig-samten-ling\/evenements\/enseignements-de-son-eminence-menri-ponlop-rinpoche\" data-saferedirecturl=\"https:\/\/www.google.com\/url?q=https:\/\/www.helloasso.com\/associations\/tazig-samten-ling\/evenements\/enseignements-de-son-eminence-menri-ponlop-rinpoche&amp;source=gmail&amp;ust=1742831593239000&amp;usg=AOvVaw37Ot1nABWtdQwTaSKnYo3I\">https:\/\/www.helloasso.com\/associations\/tazig-samten-ling\/evenements\/enseignements-de-son-eminence-menri-ponlop-rinpoche<\/a><\/u><\/strong><\/span><\/p><p style=\"font-weight: 400; padding-left: 40px;\"><span style=\"color: #800000;\">Si vous pr\u00e9f\u00e9rez,\u00a0vous pouvez\u00a0aussi faire un virement en pr\u00e9cisant \u00ab\u00a0\u00e9v\u00e8nement 12-13 avril\u00a0\u00bb, ou envoyer un ch\u00e8que \u00e0 l&rsquo;ordre de Tazig \u00e0 notre tr\u00e9sori\u00e8re : Mme Martine Rodriguez, Montpaon, 12540 Fondamente, avec vos coordonn\u00e9es t\u00e9l\u00e9phoniques et pr\u00e9cisez vos choix : samedi et\/ou dimanche.<\/span><\/p><\/div><p><span style=\"text-decoration: underline; background-color: #ffff99; color: #ff0000;\"><strong>Ev\u00e8nement exceptionnel le samedi 31 mai et dimanche 1<span style=\"color: #ff0000; text-decoration: underline;\"><sup>er <\/sup><\/span>juin 2025<\/strong><\/span><span style=\"background-color: #ffff99; color: #ff0000;\"><strong>\u00a0&#8211; <\/strong><\/span><span style=\"color: #ff6600;\"><strong style=\"font-size: 1.0625rem;\">V<span style=\"color: #ff6600;\">enue de s<\/span><\/strong><strong>a Saintet\u00e9, MENRI TRIZIN RINPOCHE \u00e0 Puyvert (\u00e0 c\u00f4t\u00e9 de Lauris)<\/strong><\/span><\/p><p style=\"font-weight: 400; padding-left: 40px;\"><span style=\"color: #000080;\">Nous aurons l\u2019immense joie d&rsquo;accueillir Sa Saintet\u00e9, Menri Trizin Rinpoch\u00e9, chef spirituel de la lign\u00e9e B\u00f6n pour deux journ\u00e9es exceptionnelles d\u2019enseignements.<\/span><\/p><p style=\"font-weight: 400; padding-left: 40px;\"><span style=\"color: #000080;\"><strong>Samedi 31 mai 2025\u00a0: <span style=\"color: #ff0000;\">Amour et Compassion<\/span><\/strong><\/span><br \/><span style=\"color: #000080;\">Comment contribuer \u00e0 la Paix sur la Terre\u00a0? Comment apaiser les souffrances par la pratique du Bouddha de M\u00e9decine\u00a0?<\/span><\/p><p style=\"font-weight: 400; padding-left: 40px;\"><span style=\"color: #000080;\"><strong><span style=\"color: #000080;\"><u>Concert de chants sacr\u00e9s<\/u> <\/span>le<\/strong>\u00a0<strong>samedi soir<\/strong><strong>\u00a0avec Lama Samten<\/strong>.<br \/><em>Possible d&rsquo;assister au concert sans avoir participer aux journ\u00e9es d&rsquo;enseignements. R\u00e9servation \u00e0 <span style=\"color: #0000ff;\">contact@tazig.fr\u00a0 <span style=\"color: #000080;\">Concert est en donation libre. <\/span><\/span><\/em><\/span><\/p><p style=\"font-weight: 400; padding-left: 40px;\"><span style=\"color: #000080;\"><strong>Dimanche 1<sup>er<\/sup>\u00a0juin 2025\u00a0: <span style=\"color: #ff0000;\">Bardo Th\u00f6dol<\/span><br \/><\/strong>Comment accompagner les personnes en fin de vie ? Comment partir en paix gr\u00e2ce aux enseignements de Sagesses ?<strong>\u00a0<\/strong><\/span><\/p><p style=\"font-weight: 400; padding-left: 40px;\"><strong><span style=\"color: #ff0000;\">Inscription et d\u00e9tails des tarifs via Helloasso<\/span><br \/><\/strong><span style=\"color: #0000ff;\"><a style=\"color: #0000ff;\" href=\"https:\/\/www.helloasso.com\/associations\/tazig-samten-ling\/evenements\/enseignements-de-sa-saintete-34eme-menri-trizin-rinpoche\" data-saferedirecturl=\"https:\/\/www.google.com\/url?q=https:\/\/www.helloasso.com\/associations\/tazig-samten-ling\/evenements\/enseignements-de-sa-saintete-34eme-menri-trizin-rinpoche&amp;source=gmail&amp;ust=1742831593239000&amp;usg=AOvVaw0As6v7HIwsxB-FfhS12Drb\"><strong>https:\/\/www.helloasso.com\/associations\/tazig-samten-ling\/evenements\/enseignements-de-sa-saintete-34eme-menri-trizin-rinpoche<\/strong><\/a><\/span><\/p><p style=\"font-weight: 400; padding-left: 40px;\"><span style=\"color: #800000;\">Si vous pr\u00e9f\u00e9rez, vous pouvez aussi faire un virement en pr\u00e9cisant \u00ab\u00a0Sa Saintet\u00e9\u00a0\u00bb, ou envoyer un ch\u00e8que \u00e0 l&rsquo;ordre de Tazig \u00e0 notre tr\u00e9sori\u00e8re : Mme Martine Rodriguez, Montpaon, 12540 Fondamente, avec vos coordonn\u00e9es t\u00e9l\u00e9phoniques et pr\u00e9cisez vos choix : samedi et\/ou dimanche, + concert.<\/span><\/p><p style=\"padding-left: 40px; text-align: center;\"><strong><span style=\"color: #333399;\">Lien Helloasso pour adh\u00e9rer \u00e0 l\u2019association<\/span>\u00a0:<\/strong> <span style=\"color: #0000ff;\"><a style=\"color: #0000ff;\" href=\"https:\/\/www.helloasso.com\/associations\/tazig-samten-ling\/adhesions\/fiche-adhesion-tazig-2024-2025\"><strong>Lien adh\u00e9sion<\/strong><\/a><\/span><\/p><h1 style=\"text-align: center;\"><span style=\"color: #ff0000;\"><strong>\u0f04 \u0f04 \u0f04<\/strong><\/span><\/h1><h3 style=\"text-align: center;\"><span style=\"font-size: 18pt; color: #800000;\"><strong><span style=\"color: #333399;\">Pour consulter les retraites avec<\/span> Lama Samten Yesh\u00e9 Rinpoch\u00e9, <span style=\"color: #333399;\">consulter la rubrique<\/span><br \/><a href=\"https:\/\/tazig.fr\/index.php\/2017\/08\/16\/agenda-retraites\/\">Agenda des Retraites 2025<\/a><\/strong><\/span><\/h3><p style=\"text-align: center;\"><strong><span style=\"color: #000080;\">Emails de l&rsquo;association <\/span><span style=\"color: #800000;\">contact@tazig.fr<\/span> <span style=\"color: #000080;\">\/<\/span> <span style=\"color: #800000;\">takzigsamtenling@gmail.com<\/span> <span style=\"color: #000080;\">ou par t\u00e9l\u00e9phone au<\/span> <span style=\"color: #800000;\">07 83 38 96 89<\/span> .<\/strong><\/p>\t\t\t\t\t\t\t\t<\/div>\n\t\t\t\t<\/div>\n\t\t\t\t\t<\/div>\n\t\t<\/div>\n\t\t\t\t\t<\/div>\n\t\t<\/section>\n\t\t\t\t<section class=\"elementor-section elementor-top-section elementor-element elementor-element-d999f0c elementor-section-boxed elementor-section-height-default elementor-section-height-default\" data-id=\"d999f0c\" data-element_type=\"section\">\n\t\t\t\t\t\t<div class=\"elementor-container elementor-column-gap-default\">\n\t\t\t\t\t<div class=\"elementor-column elementor-col-50 elementor-top-column elementor-element elementor-element-ebd1308\" data-id=\"ebd1308\" data-element_type=\"column\">\n\t\t\t<div class=\"elementor-widget-wrap\">\n\t\t\t\t\t\t\t<\/div>\n\t\t<\/div>\n\t\t\t\t<div class=\"elementor-column elementor-col-50 elementor-top-column elementor-element elementor-element-72466a8\" data-id=\"72466a8\" data-element_type=\"column\">\n\t\t\t<div class=\"elementor-widget-wrap\">\n\t\t\t\t\t\t\t<\/div>\n\t\t<\/div>\n\t\t\t\t\t<\/div>\n\t\t<\/section>\n\t\t\t\t<section class=\"elementor-section elementor-top-section elementor-element elementor-element-17cb246 elementor-section-boxed elementor-section-height-default elementor-section-height-default\" data-id=\"17cb246\" data-element_type=\"section\">\n\t\t\t\t\t\t<div class=\"elementor-container elementor-column-gap-default\">\n\t\t\t\t\t<div class=\"elementor-column elementor-col-100 elementor-top-column elementor-element elementor-element-8793d9b\" data-id=\"8793d9b\" data-element_type=\"column\">\n\t\t\t<div class=\"elementor-widget-wrap elementor-element-populated\">\n\t\t\t\t\t\t<div class=\"elementor-element elementor-element-aad5ce7 elementor-widget elementor-widget-text-editor\" data-id=\"aad5ce7\" data-element_type=\"widget\" data-widget_type=\"text-editor.default\">\n\t\t\t\t<div class=\"elementor-widget-container\">\n\t\t\t\t\t\t\t\t\t<p><strong style=\"color: #000000; font-family: var( --e-global-typography-text-font-family ), Sans-serif; font-size: 1rem;\"><em>\u00ab\u00a0Cher(e)s ami(e)s de Tazig,<\/em><\/strong><\/p><p><span style=\"color: #000000;\"><strong><em>\u00a0Nous vous vous remercions vivement pour l&rsquo;attention pr\u00eat\u00e9e \u00e0 tous ces \u00e9v\u00e8nements <\/em><\/strong><\/span><span style=\"color: #000000;\"><strong><em>qui font la vie de notre association\u00a0<\/em><\/strong><\/span><span style=\"font-family: var( --e-global-typography-text-font-family ), Sans-serif; font-weight: var( --e-global-typography-text-font-weight ); font-size: 1rem; color: #000000;\"><strong><em>et qui permettent \u00e0 Lama Samten Yesh\u00e9 Rinpoch\u00e9 de diffuser les enseignements de sagesse de la tradition B\u00f6n.\u00a0\u00bb<br \/><br \/><\/em><\/strong><\/span><span style=\"color: #000000;\"><strong><em>Email g\u00e9n\u00e9ral \u00e0 <span style=\"color: #800000;\">contact@tazig.fr<\/span> ou par t\u00e9l\u00e9phone au <span style=\"color: #800000;\">07 83 38 96 89<\/span> .<\/em><\/strong><\/span><\/p>\t\t\t\t\t\t\t\t<\/div>\n\t\t\t\t<\/div>\n\t\t\t\t\t<\/div>\n\t\t<\/div>\n\t\t\t\t\t<\/div>\n\t\t<\/section>\n\t\t\t\t<\/div>\n\t\t","protected":false},"excerpt":{"rendered":"<p>Retrouvez tous les rendez-vous des enseignements de Lama Samten Y\u00e9sh\u00e9 Rinpoch\u00e9 du mois d&rsquo;avril 2025 \u00e0 juin 2025. Toutes les informations sur les retraites, cliquez sur le lien Agenda des Retraites. Journ\u00e9es mensuelles A Lauris (84), rendez-vous mensuels le dimanche 4 mai 2025, le dimanche 7 septembre 2025, de 10h \u00e0 17h au \u00ab\u00a0Grand Jardin d&rsquo;Elisabeth\u00a0\u00bb, 15, avenue de la Gare. \u2013 R\u00e9servation : Lauris@tazig.fr[&#8230;]<\/p>\n","protected":false},"author":1,"featured_media":1983,"comment_status":"closed","ping_status":"open","sticky":false,"template":"elementor_header_footer","format":"standard","meta":{"_uag_custom_page_level_css":"","footnotes":""},"categories":[9,3],"tags":[],"class_list":["post-4204","post","type-post","status-publish","format-standard","has-post-thumbnail","hentry","category-une","category-agenda"],"uagb_featured_image_src":{"full":["https:\/\/tazig.fr\/wp-content\/uploads\/2020\/02\/87429601_1534183760069282_2846994392995069952_o.jpg",770,1018,false],"thumbnail":["https:\/\/tazig.fr\/wp-content\/uploads\/2020\/02\/87429601_1534183760069282_2846994392995069952_o-150x150.jpg",150,150,true],"medium":["https:\/\/tazig.fr\/wp-content\/uploads\/2020\/02\/87429601_1534183760069282_2846994392995069952_o-227x300.jpg",227,300,true],"medium_large":["https:\/\/tazig.fr\/wp-content\/uploads\/2020\/02\/87429601_1534183760069282_2846994392995069952_o-768x1015.jpg",768,1015,true],"large":["https:\/\/tazig.fr\/wp-content\/uploads\/2020\/02\/87429601_1534183760069282_2846994392995069952_o.jpg",770,1018,false],"1536x1536":["https:\/\/tazig.fr\/wp-content\/uploads\/2020\/02\/87429601_1534183760069282_2846994392995069952_o.jpg",770,1018,false],"2048x2048":["https:\/\/tazig.fr\/wp-content\/uploads\/2020\/02\/87429601_1534183760069282_2846994392995069952_o.jpg",770,1018,false],"post-thumbnail":["https:\/\/tazig.fr\/wp-content\/uploads\/2020\/02\/87429601_1534183760069282_2846994392995069952_o-770x560.jpg",770,560,true],"poseidon-header-image":["https:\/\/tazig.fr\/wp-content\/uploads\/2020\/02\/87429601_1534183760069282_2846994392995069952_o-770x480.jpg",770,480,true],"poseidon-thumbnail-small":["https:\/\/tazig.fr\/wp-content\/uploads\/2020\/02\/87429601_1534183760069282_2846994392995069952_o-120x80.jpg",120,80,true],"poseidon-thumbnail-medium":["https:\/\/tazig.fr\/wp-content\/uploads\/2020\/02\/87429601_1534183760069282_2846994392995069952_o-360x240.jpg",360,240,true],"poseidon-thumbnail-large":["https:\/\/tazig.fr\/wp-content\/uploads\/2020\/02\/87429601_1534183760069282_2846994392995069952_o-600x400.jpg",600,400,true],"poseidon-thumbnail-single":["https:\/\/tazig.fr\/wp-content\/uploads\/2020\/02\/87429601_1534183760069282_2846994392995069952_o-770x420.jpg",770,420,true]},"uagb_author_info":{"display_name":"Mandesha","author_link":"https:\/\/tazig.fr\/index.php\/author\/mandesha\/"},"uagb_comment_info":0,"uagb_excerpt":"Retrouvez tous les rendez-vous des enseignements de Lama Samten Y\u00e9sh\u00e9 Rinpoch\u00e9 du mois d&rsquo;avril 2025 \u00e0 juin 2025. Toutes les informations sur les retraites, cliquez sur le lien Agenda des Retraites. Journ\u00e9es mensuelles A Lauris (84), rendez-vous mensuels le dimanche 4 mai 2025, le dimanche 7 septembre 2025, de 10h \u00e0 17h au \u00ab\u00a0Grand Jardin\u2026","_links":{"self":[{"href":"https:\/\/tazig.fr\/index.php\/wp-json\/wp\/v2\/posts\/4204","targetHints":{"allow":["GET"]}}],"collection":[{"href":"https:\/\/tazig.fr\/index.php\/wp-json\/wp\/v2\/posts"}],"about":[{"href":"https:\/\/tazig.fr\/index.php\/wp-json\/wp\/v2\/types\/post"}],"author":[{"embeddable":true,"href":"https:\/\/tazig.fr\/index.php\/wp-json\/wp\/v2\/users\/1"}],"replies":[{"embeddable":true,"href":"https:\/\/tazig.fr\/index.php\/wp-json\/wp\/v2\/comments?post=4204"}],"version-history":[{"count":20,"href":"https:\/\/tazig.fr\/index.php\/wp-json\/wp\/v2\/posts\/4204\/revisions"}],"predecessor-version":[{"id":4225,"href":"https:\/\/tazig.fr\/index.php\/wp-json\/wp\/v2\/posts\/4204\/revisions\/4225"}],"wp:featuredmedia":[{"embeddable":true,"href":"https:\/\/tazig.fr\/index.php\/wp-json\/wp\/v2\/media\/1983"}],"wp:attachment":[{"href":"https:\/\/tazig.fr\/index.php\/wp-json\/wp\/v2\/media?parent=4204"}],"wp:term":[{"taxonomy":"category","embeddable":true,"href":"https:\/\/tazig.fr\/index.php\/wp-json\/wp\/v2\/categories?post=4204"},{"taxonomy":"post_tag","embeddable":true,"href":"https:\/\/tazig.fr\/index.php\/wp-json\/wp\/v2\/tags?post=4204"}],"curies":[{"name":"wp","href":"https:\/\/api.w.org\/{rel}","templated":true}]}}