{"id":2495,"date":"2022-05-26T17:20:06","date_gmt":"2022-05-26T15:20:06","guid":{"rendered":"http:\/\/tazig.fr\/?p=2495"},"modified":"2025-07-23T09:11:47","modified_gmt":"2025-07-23T07:11:47","slug":"agenda-juillet-aout-2022","status":"publish","type":"post","link":"https:\/\/tazig.fr\/index.php\/2022\/05\/26\/agenda-juillet-aout-2022\/","title":{"rendered":"Agenda Juillet\/Aout 2022"},"content":{"rendered":"\t\t<div data-elementor-type=\"wp-post\" data-elementor-id=\"2495\" class=\"elementor elementor-2495\" data-elementor-post-type=\"post\">\n\t\t\t\t\t\t<section class=\"elementor-section elementor-top-section elementor-element elementor-element-7d8ccea7 elementor-section-boxed elementor-section-height-default elementor-section-height-default\" data-id=\"7d8ccea7\" data-element_type=\"section\">\n\t\t\t\t\t\t<div class=\"elementor-container elementor-column-gap-default\">\n\t\t\t\t\t<div class=\"elementor-column elementor-col-100 elementor-top-column elementor-element elementor-element-1d6ee94e\" data-id=\"1d6ee94e\" data-element_type=\"column\">\n\t\t\t<div class=\"elementor-widget-wrap elementor-element-populated\">\n\t\t\t\t\t\t<div class=\"elementor-element elementor-element-1b9d98b1 elementor-widget elementor-widget-text-editor\" data-id=\"1b9d98b1\" data-element_type=\"widget\" data-widget_type=\"text-editor.default\">\n\t\t\t\t<div class=\"elementor-widget-container\">\n\t\t\t\t\t\t\t\t\t<h2><span style=\"color: #333399;\"><strong>\u0f04<\/strong><strong>\u00a0 <\/strong><strong>\u0f04<\/strong><strong>\u00a0 <\/strong><strong>\u0f04 <\/strong>Pratique en plein air <strong>et Retraites d&rsquo;\u00e9t\u00e9 <\/strong><strong>\u0f04<\/strong><strong>\u00a0 <\/strong><strong>\u0f04<\/strong><strong>\u00a0 <\/strong><strong>\u0f04<\/strong><\/span><\/h2>\r\n<span style=\"color: #ffffff;\"><strong>\u00a0<\/strong><\/span>\r\n<h3><span style=\"color: #333399;\">A Montpellier pratique en plein air avec Lama Samten<strong>\u00a0<\/strong><\/span><\/h3>\r\n<strong><span style=\"color: #ff6600;\">Le vendredi 1er juillet \u00e0 19h<\/span> : <span style=\"color: #333399;\">Cours de Yoga et de M\u00e9ditation en plein air<\/span><\/strong><span style=\"color: #333399;\">, dans un parc <span style=\"color: #333333;\">qui vous sera communiqu\u00e9 ult\u00e9rieurement &#8211; Invitation de tous les pratiquants Montpelli\u00e9rains &#8211; en m\u00eame temps sur ZOOM. Envoyer un mail \u00e0 <a href=\"mailto:contact@tazig.fr\">contact@tazig.fr<\/a> pour recevoir les informations.\r\n<\/span><\/span>\r\n\r\n&nbsp;\r\n<h3><span style=\"color: #333399;\"><strong>\u0f04<\/strong><strong>\u00a0 <\/strong><strong>\u0f04<\/strong><strong>\u00a0 <\/strong><strong>\u0f04 <\/strong><strong><em>Inscriptions ouvertes pour les retraites d&rsquo;\u00e9t\u00e9 <\/em><\/strong><strong>\u0f04<\/strong><strong>\u00a0 <\/strong><strong>\u0f04<\/strong><strong>\u00a0 <\/strong><\/span><strong><span style=\"color: #333399;\">\u0f04<\/span> <\/strong><\/h3>\r\n<h3><span style=\"color: #ff6600;\"><strong><span style=\"color: #333399;\"><span style=\"color: #ff6600;\"><span style=\"color: #333399;\"><span style=\"color: #ff6600;\">RETRAITE SUR LES CINQ \u00c9L\u00c9MENTS<\/span> <\/span><\/span><\/span><\/strong><\/span><\/h3>\r\n<span style=\"color: #ff6600;\"><strong><span style=\"color: #333399;\">du samedi 9 juillet au mercredi 13 juillet 2022 \u00e0 GOUDET (43)\r\n<\/span><\/strong><\/span><span style=\"color: #333333;\">dans le g\u00eete \u00ab\u00a0Les Orgues\u00a0\u00bb \u00e0 800 m\u00e8tres d&rsquo;altitude, \u00e0 25 km du Puy-en-Velay, et qui peut recevoir jusqu&rsquo;\u00e0 10 personnes.\u00a0 La retraite commence le <strong>1er jour <\/strong>\u00e0<strong> 10h<\/strong> et se termine le <strong>dernier jour<\/strong> \u00e0 <strong>17h<\/strong>. Possibilit\u00e9 d&rsquo;arriver le vendredi soir \u00e0 partir de 18H.<\/span>\r\n\r\n<strong><span style=\"color: #ff6600;\"><span style=\"color: #333333;\">Pratique de m\u00e9ditation et du yoga des 5 \u00e9l\u00e9ments.<\/span>\r\n<\/span><\/strong><span style=\"color: #333333;\">Cette retraite nous connecte \u00e0 la nature, aux 5 \u00e9l\u00e9ments que sont l&rsquo;Espace, l&rsquo;Air, le Feu, l&rsquo;Eau et la Terre \u00e0 nos organes et \u00e0 nos \u00e9motions. Nous apprenons comment circule l&rsquo;\u00e9nergie \u00e0 travers notre corps et nous en r\u00e9tablissons l&rsquo;\u00e9quilibre en pratiquant des mantras, des mudras et aussi gr\u00e2ce aux rituels pratiqu\u00e9s par Lama Samten. Tous nos sens sont r\u00e9\u00e9quilibr\u00e9s, notre corps en pleine forme et nos \u00e9motions ma\u00eetris\u00e9es.<\/span>\r\n\r\n<span style=\"color: #333333;\">Repas v\u00e9g\u00e9tariens partag\u00e9s &#8211; Nous cuisinons, dans la bonne humeur, tous ensemble, avec les ingr\u00e9dients que chacun aura apport\u00e9s. Pr\u00e9voir des chaussures de marche, un chapeau de soleil, un v\u00eatement de pluie, un coussin, un carnet de notes, vos textes de pratique pour les anciens. <\/span>\r\n\r\n<span style=\"color: #333399;\"><span style=\"color: #333333;\">Renseignements au 07 83 38 96 89<\/span><\/span><strong><span style=\"color: #333399;\">\r\n<\/span><\/strong><span style=\"color: #333399;\"><span style=\"color: #333333;\"><strong>Tarifs :<\/strong> Enseignement 175 euros &#8211; H\u00e9bergement 180 euros<\/span><\/span>\r\n\r\n<strong>Pour vous inscrire :<\/strong>\r\nEnvoyer un mail \u00e0 : <a href=\"mailto:contact@tazig.fr\">contact@tazig.fr<\/a> avec vos coordonn\u00e9es. Un acompte de 50\u20ac est demand\u00e9 pour valider votre inscription. Paiement par virement bancaire (RIB sur demande) ou par ch\u00e8que \u00e0 l\u2019ordre de Tazig Samten Ling \u00e0 l\u2019adresse suivante : Association TAZIG, 4, Lotissement La Pl\u00e9iade, 506, route de Gr\u00e9zac \u2013 34700 Lod\u00e8ve.\r\n\r\n&nbsp;\r\n<h3><span style=\"color: #ff6600;\"><strong><span style=\"color: #ff6600;\">RETRAITE DE 7 jOURS MEDITATION TREKCH\u00d6 et TH\u00d6GAL\u00a0<\/span> <\/strong><\/span><\/h3>\r\n<span style=\"color: #333399;\"><strong>du samedi 20 ao\u00fbt \u00e0 10H au vendredi 26 ao\u00fbt 2022 \u00e0 18H<\/strong> <strong>\u00e0 AVENE (34)\r\n<\/strong><\/span><span style=\"color: #333399;\"><span style=\"color: #333333;\">dans le gite \u00ab\u00a0Les Chalets Bleus\u00a0\u00bb \u00e0 Av\u00e8ne au Hameau de Fonbine. <\/span><\/span><span style=\"color: #333333;\">La retraite commence le <strong>1er jour <\/strong>\u00e0<strong> 10h<\/strong> et se termine le <strong>dernier jour<\/strong> \u00e0 <strong>17h<\/strong>. Possibilit\u00e9 d&rsquo;arriver le vendredi soir \u00e0 partir de 18H.<\/span>\r\n\r\nRenseignements au 07 83 38 96 89\r\n<span style=\"color: #333333;\"><span style=\"color: #333399;\"><span style=\"color: #333333;\"><strong>Tarifs :<\/strong> Enseignements : 225 euros &#8211; G\u00eete 210 euros (chambres partag\u00e9es).<\/span><\/span>\r\n<\/span>\r\n\r\n<strong><span style=\"color: #333333;\">Pour vous inscrire\u00a0:<\/span><\/strong>\r\nEnvoyer un mail \u00e0 :\u00a0<a href=\"mailto:contact@tazig.fr\">contact@tazig.fr<\/a> avec vos coordonn\u00e9es. Un acompte de 50\u20ac est demand\u00e9 pour valider votre inscription. Paiement par virement bancaire (RIB sur demande) ou par ch\u00e8que \u00e0 l\u2019ordre de Tazig Samten Ling \u00e0 l\u2019adresse suivante : Association TAZIG, 4, Lotissement La Pl\u00e9iade, 506, route de Gr\u00e9zac \u2013 34700 Lod\u00e8ve.\r\n\r\nSi besoin, pensez \u00e0 <a href=\"https:\/\/tazig.fr\/index.php\/nous-soutenir\/\">r\u00e9gulariser votre adh\u00e9sion pour l\u2019ann\u00e9e 2021-2022<\/a> (15 euros) pour soutenir l\u2019association.\t\t\t\t\t\t\t\t<\/div>\n\t\t\t\t<\/div>\n\t\t\t\t\t<\/div>\n\t\t<\/div>\n\t\t\t\t\t<\/div>\n\t\t<\/section>\n\t\t\t\t<\/div>\n\t\t","protected":false},"excerpt":{"rendered":"<p>\u0f04\u00a0 \u0f04\u00a0 \u0f04 Pratique en plein air et Retraites d&rsquo;\u00e9t\u00e9 \u0f04\u00a0 \u0f04\u00a0 \u0f04 \u00a0 A Montpellier pratique en plein air avec Lama Samten\u00a0 Le vendredi 1er juillet \u00e0 19h : Cours de Yoga et de M\u00e9ditation en plein air, dans un parc qui vous sera communiqu\u00e9 ult\u00e9rieurement &#8211; Invitation de tous les pratiquants Montpelli\u00e9rains &#8211; en m\u00eame temps sur ZOOM. Envoyer un mail \u00e0 contact@tazig.fr[&#8230;]<\/p>\n","protected":false},"author":1,"featured_media":1865,"comment_status":"closed","ping_status":"open","sticky":false,"template":"elementor_header_footer","format":"standard","meta":{"_uag_custom_page_level_css":"","footnotes":""},"categories":[3],"tags":[],"class_list":["post-2495","post","type-post","status-publish","format-standard","has-post-thumbnail","hentry","category-agenda"],"uagb_featured_image_src":{"full":["https:\/\/tazig.fr\/wp-content\/uploads\/2019\/08\/Goudet-Lama-2018-bis.jpg",1440,1080,false],"thumbnail":["https:\/\/tazig.fr\/wp-content\/uploads\/2019\/08\/Goudet-Lama-2018-bis-150x150.jpg",150,150,true],"medium":["https:\/\/tazig.fr\/wp-content\/uploads\/2019\/08\/Goudet-Lama-2018-bis-300x225.jpg",300,225,true],"medium_large":["https:\/\/tazig.fr\/wp-content\/uploads\/2019\/08\/Goudet-Lama-2018-bis-768x576.jpg",768,576,true],"large":["https:\/\/tazig.fr\/wp-content\/uploads\/2019\/08\/Goudet-Lama-2018-bis-1024x768.jpg",840,630,true],"1536x1536":["https:\/\/tazig.fr\/wp-content\/uploads\/2019\/08\/Goudet-Lama-2018-bis.jpg",1440,1080,false],"2048x2048":["https:\/\/tazig.fr\/wp-content\/uploads\/2019\/08\/Goudet-Lama-2018-bis.jpg",1440,1080,false],"post-thumbnail":["https:\/\/tazig.fr\/wp-content\/uploads\/2019\/08\/Goudet-Lama-2018-bis-840x560.jpg",840,560,true],"poseidon-header-image":["https:\/\/tazig.fr\/wp-content\/uploads\/2019\/08\/Goudet-Lama-2018-bis-1440x480.jpg",1440,480,true],"poseidon-thumbnail-small":["https:\/\/tazig.fr\/wp-content\/uploads\/2019\/08\/Goudet-Lama-2018-bis-120x80.jpg",120,80,true],"poseidon-thumbnail-medium":["https:\/\/tazig.fr\/wp-content\/uploads\/2019\/08\/Goudet-Lama-2018-bis-360x240.jpg",360,240,true],"poseidon-thumbnail-large":["https:\/\/tazig.fr\/wp-content\/uploads\/2019\/08\/Goudet-Lama-2018-bis-600x400.jpg",600,400,true],"poseidon-thumbnail-single":["https:\/\/tazig.fr\/wp-content\/uploads\/2019\/08\/Goudet-Lama-2018-bis-840x420.jpg",840,420,true]},"uagb_author_info":{"display_name":"Mandesha","author_link":"https:\/\/tazig.fr\/index.php\/author\/mandesha\/"},"uagb_comment_info":0,"uagb_excerpt":"\u0f04\u00a0 \u0f04\u00a0 \u0f04 Pratique en plein air et Retraites d&rsquo;\u00e9t\u00e9 \u0f04\u00a0 \u0f04\u00a0 \u0f04 \u00a0 A Montpellier pratique en plein air avec Lama Samten\u00a0 Le vendredi 1er juillet \u00e0 19h : Cours de Yoga et de M\u00e9ditation en plein air, dans un parc qui vous sera communiqu\u00e9 ult\u00e9rieurement &#8211; Invitation de tous les pratiquants Montpelli\u00e9rains &#8211;\u2026","_links":{"self":[{"href":"https:\/\/tazig.fr\/index.php\/wp-json\/wp\/v2\/posts\/2495","targetHints":{"allow":["GET"]}}],"collection":[{"href":"https:\/\/tazig.fr\/index.php\/wp-json\/wp\/v2\/posts"}],"about":[{"href":"https:\/\/tazig.fr\/index.php\/wp-json\/wp\/v2\/types\/post"}],"author":[{"embeddable":true,"href":"https:\/\/tazig.fr\/index.php\/wp-json\/wp\/v2\/users\/1"}],"replies":[{"embeddable":true,"href":"https:\/\/tazig.fr\/index.php\/wp-json\/wp\/v2\/comments?post=2495"}],"version-history":[{"count":19,"href":"https:\/\/tazig.fr\/index.php\/wp-json\/wp\/v2\/posts\/2495\/revisions"}],"predecessor-version":[{"id":3043,"href":"https:\/\/tazig.fr\/index.php\/wp-json\/wp\/v2\/posts\/2495\/revisions\/3043"}],"wp:featuredmedia":[{"embeddable":true,"href":"https:\/\/tazig.fr\/index.php\/wp-json\/wp\/v2\/media\/1865"}],"wp:attachment":[{"href":"https:\/\/tazig.fr\/index.php\/wp-json\/wp\/v2\/media?parent=2495"}],"wp:term":[{"taxonomy":"category","embeddable":true,"href":"https:\/\/tazig.fr\/index.php\/wp-json\/wp\/v2\/categories?post=2495"},{"taxonomy":"post_tag","embeddable":true,"href":"https:\/\/tazig.fr\/index.php\/wp-json\/wp\/v2\/tags?post=2495"}],"curies":[{"name":"wp","href":"https:\/\/api.w.org\/{rel}","templated":true}]}}