{"id":2369,"date":"2021-09-15T17:38:10","date_gmt":"2021-09-15T15:38:10","guid":{"rendered":"http:\/\/tazig.fr\/?p=2369"},"modified":"2021-09-30T14:21:40","modified_gmt":"2021-09-30T12:21:40","slug":"rentree-2021","status":"publish","type":"post","link":"https:\/\/tazig.fr\/index.php\/2021\/09\/15\/rentree-2021\/","title":{"rendered":"Rentr\u00e9e 2021"},"content":{"rendered":"<p style=\"text-align: justify;\">Chers amis de Tazig,<\/p>\n<p style=\"text-align: justify;\">Nous esp\u00e9rons que vous allez tous bien et que vous avez bien profit\u00e9 de votre \u00e9t\u00e9\u2009!<\/p>\n<p><strong>Reprise des cours de yoga tib\u00e9tain et de m\u00e9ditation<\/strong><\/p>\n<p style=\"text-align: justify;\">Lama Samten Y\u00e9sh\u00e9 Rinpoch\u00e9 a la joie de vous annoncer que les enseignements de yoga tib\u00e9tain et de m\u00e9ditation reprennent ce vendredi\u00a017 septembre 2021 sur Zoom \u00e0 19\u00a0h pour le yoga et \u00e0 20\u00a0h pour la m\u00e9ditation.<\/p>\n<p style=\"text-align: justify;\">Nous serons heureux de retrouver les \u00ab\u00a0anciens\u00a0\u00bb et d\u2019accueillir les \u00ab\u00a0nouveaux\u00a0\u00bb afin de pratiquer ce yoga du souffle\u00a0qui nous maintient en forme physique et mentale.<\/p>\n<p style=\"text-align: justify;\">Vous trouverez ci-dessous les codes pour vous connecter et participer \u00e0 la pratique.<\/p>\n<p style=\"text-align: justify;\"><u>Lien direct<\/u> pour participer \u00e0 la pratique : <a href=\"https:\/\/us02web.zoom.us\/j\/7550368125?pwd=U0JXRjNOdG1YamdZOVVMcTZrUmNwUT09\">cliquez ici<\/a> ou\u00a0ID de r\u00e9union : 755 036 8125 \/\u00a0Mot de passe\u00a0: 01102020<\/p>\n<p style=\"text-align: justify;\">Nous vous laissons cette p\u00e9riode d\u2019essai afin de vous familiariser, puis,\u00a0\u00e0 partir du 1er octobre, les codes changeront\u00a0et nous fonctionnerons avec les formules suivantes au choix\u00a0:<\/p>\n<p style=\"text-align: justify;\">&#8211; abonnement annuel \u00e0 240\u00a0euros<\/p>\n<p style=\"text-align: justify;\">&#8211; 12 cours pour 100\u00a0euros<\/p>\n<p style=\"text-align: justify;\">&#8211; 1 cours pour 10\u00a0euros<\/p>\n<p style=\"text-align: justify;\">&#8211; 2 cours &#8211; yoga + m\u00e9ditation dans la m\u00eame soir\u00e9e pour 15\u00a0euros<\/p>\n<p style=\"text-align: justify;\">&#8211; adh\u00e9sion \u00e0 l\u2019association 15\u00a0euros (20\u00a0euros pour un couple) du 1er septembre 2021 au 31 ao\u00fbt 2022<\/p>\n<p style=\"text-align: justify;\">Pour r\u00e9gler, vous avez la possibilit\u00e9\u00a0:<\/p>\n<p style=\"text-align: justify;\">&#8211; de vous rendre sur notre site\u00a0<a href=\"http:\/\/www.tazig.fr\/\">www.tazig.fr<\/a> et de <a href=\"https:\/\/tazig.fr\/index.php\/nous-soutenir\/\">payer avec<\/a> <a href=\"https:\/\/tazig.fr\/index.php\/nous-soutenir\/\">PayPal ici.<\/a><\/p>\n<p style=\"text-align: justify;\">&#8211; de faire un virement bancaire<\/p>\n<p style=\"text-align: justify;\">&#8211; d\u2019envoyer un ch\u00e8que \u00e0 l\u2019ordre de Tazig \u00e0\u00a0: Association Tazig, chez Mme Pujol Josette, 4 lotissement La Pl\u00e9iade, 507 route de Gr\u00e9zac 34700 LOD\u00c8VE<\/p>\n<p style=\"text-align: justify;\">Et surtout, n\u2019oubliez pas d\u2019envoyer un mail \u00e0 :\u00a0<a href=\"mailto:contact@tazig.fr\">contact@tazig.fr<\/a>\u00a0pour nous signaler votre inscription et recevoir les nouveaux codes.<\/p>\n<p><strong>Cours de m\u00e9ditation gratuits tous les lundis soirs<\/strong><\/p>\n<p style=\"text-align: justify;\">Nous vous rappelons \u00e9galement que tous les lundis soir \u00e0 20 h, Lama Samten offrira une s\u00e9ance de m\u00e9ditation ouverte \u00e0 tous les adh\u00e9rents\u2009!<\/p>\n<p style=\"text-align: justify;\">Les codes seront les m\u00eames que ceux donn\u00e9s ci-dessus. Il suffit simplement d\u2019adh\u00e9rer \u00e0 l\u2019association pour y participer.<\/p>\n<p style=\"text-align: justify;\"><strong>Journ\u00e9es d&rsquo;enseignements en pr\u00e9sentiel, avec Lama Samten Y\u00e9sh\u00e9 Rinpoch\u00e9<\/strong><\/p>\n<p style=\"text-align: justify;\">Les journ\u00e9es d&rsquo;enseignement avec Lama Samten ont repris le 5 septembre dernier \u00e0 Lauris. Le prochain rendez-vous aura lieu \u00e0 Millau, le 18 septembre 2021.<\/p>\n<p style=\"text-align: justify;\"><span style=\"color: #ff0000;\"><strong>NOUVEAU :<\/strong><\/span><\/p>\n<p style=\"text-align: justify;\">Lama Samten Y\u00e9sh\u00e9 vous donne rendez-vous \u00e0 Millau samedi 18 septembre pour une journ\u00e9e d\u00e9couverte des enseignements B\u00f6n, organis\u00e9e par Martine et V\u00e9ronique.<\/p>\n<p style=\"text-align: justify;\">Au programme : initiation et pratique du yoga tib\u00e9tain et de la m\u00e9ditation et exposition et vente d\u2019artisanat tib\u00e9tain. Cette journ\u00e9e sera l&rsquo;occasion de rencontrer Lama Samten Yesh\u00e9 Rinpoch\u00e9 avant les enseignements mensuels pr\u00e9vus \u00e0 Millau le 3e dimanche de chaque mois.<\/p>\n<p style=\"text-align: justify;\">Lieu :\u00a0La Conciergerie,\u00a039 Passage des Concierges,\u00a012100 MILLAU. Horaires : de 10 h \u00e0 12 h et de 15 h \u00e0 17h. Tarif :\u00a020 euros la journ\u00e9e (possibilit\u00e9 demi-journ\u00e9e \u00e0 10 euros). Inscriptions aupr\u00e8s de Martine 05 65 99 36 65 ou V\u00e9ronique 06 70 96 60 74. Journ\u00e9e dans le respect des r\u00e8gles sanitaires en vigueur.<\/p>\n<p style=\"text-align: justify;\">Voil\u00e0 chers amis, des rendez-vous \u00e0 ne pas manquer, en pr\u00e9sentiel ou sur Zoom,<\/p>\n<p style=\"text-align: justify;\">une joie pour nous tous de retrouver Lama Samten\u2009!<\/p>\n<p style=\"text-align: justify;\">\u00c0 tr\u00e8s bient\u00f4t\u2009!<\/p>\n<p style=\"text-align: justify;\">L&rsquo;\u00e9quipe de Tazig Samten Ling<\/p>\n","protected":false},"excerpt":{"rendered":"<p>Chers amis de Tazig, Nous esp\u00e9rons que vous allez tous bien et que vous avez bien profit\u00e9 de votre \u00e9t\u00e9\u2009! Reprise des cours de yoga tib\u00e9tain et de m\u00e9ditation Lama Samten Y\u00e9sh\u00e9 Rinpoch\u00e9 a la joie de vous annoncer que les enseignements de yoga tib\u00e9tain et de m\u00e9ditation reprennent ce vendredi\u00a017 septembre 2021 sur Zoom \u00e0 19\u00a0h pour le yoga et \u00e0 20\u00a0h pour la[&#8230;]<\/p>\n","protected":false},"author":1,"featured_media":2370,"comment_status":"closed","ping_status":"open","sticky":false,"template":"","format":"standard","meta":{"_uag_custom_page_level_css":"","footnotes":""},"categories":[3],"tags":[],"class_list":["post-2369","post","type-post","status-publish","format-standard","has-post-thumbnail","hentry","category-agenda"],"uagb_featured_image_src":{"full":["https:\/\/tazig.fr\/wp-content\/uploads\/2021\/09\/stress-rentree.jpg",452,378,false],"thumbnail":["https:\/\/tazig.fr\/wp-content\/uploads\/2021\/09\/stress-rentree-150x150.jpg",150,150,true],"medium":["https:\/\/tazig.fr\/wp-content\/uploads\/2021\/09\/stress-rentree-300x251.jpg",300,251,true],"medium_large":["https:\/\/tazig.fr\/wp-content\/uploads\/2021\/09\/stress-rentree.jpg",452,378,false],"large":["https:\/\/tazig.fr\/wp-content\/uploads\/2021\/09\/stress-rentree.jpg",452,378,false],"1536x1536":["https:\/\/tazig.fr\/wp-content\/uploads\/2021\/09\/stress-rentree.jpg",452,378,false],"2048x2048":["https:\/\/tazig.fr\/wp-content\/uploads\/2021\/09\/stress-rentree.jpg",452,378,false],"post-thumbnail":["https:\/\/tazig.fr\/wp-content\/uploads\/2021\/09\/stress-rentree.jpg",452,378,false],"poseidon-header-image":["https:\/\/tazig.fr\/wp-content\/uploads\/2021\/09\/stress-rentree.jpg",452,378,false],"poseidon-thumbnail-small":["https:\/\/tazig.fr\/wp-content\/uploads\/2021\/09\/stress-rentree-120x80.jpg",120,80,true],"poseidon-thumbnail-medium":["https:\/\/tazig.fr\/wp-content\/uploads\/2021\/09\/stress-rentree-360x240.jpg",360,240,true],"poseidon-thumbnail-large":["https:\/\/tazig.fr\/wp-content\/uploads\/2021\/09\/stress-rentree.jpg",452,378,false],"poseidon-thumbnail-single":["https:\/\/tazig.fr\/wp-content\/uploads\/2021\/09\/stress-rentree.jpg",452,378,false]},"uagb_author_info":{"display_name":"Mandesha","author_link":"https:\/\/tazig.fr\/index.php\/author\/mandesha\/"},"uagb_comment_info":0,"uagb_excerpt":"Chers amis de Tazig, Nous esp\u00e9rons que vous allez tous bien et que vous avez bien profit\u00e9 de votre \u00e9t\u00e9\u2009! Reprise des cours de yoga tib\u00e9tain et de m\u00e9ditation Lama Samten Y\u00e9sh\u00e9 Rinpoch\u00e9 a la joie de vous annoncer que les enseignements de yoga tib\u00e9tain et de m\u00e9ditation reprennent ce vendredi\u00a017 septembre 2021 sur Zoom\u2026","_links":{"self":[{"href":"https:\/\/tazig.fr\/index.php\/wp-json\/wp\/v2\/posts\/2369","targetHints":{"allow":["GET"]}}],"collection":[{"href":"https:\/\/tazig.fr\/index.php\/wp-json\/wp\/v2\/posts"}],"about":[{"href":"https:\/\/tazig.fr\/index.php\/wp-json\/wp\/v2\/types\/post"}],"author":[{"embeddable":true,"href":"https:\/\/tazig.fr\/index.php\/wp-json\/wp\/v2\/users\/1"}],"replies":[{"embeddable":true,"href":"https:\/\/tazig.fr\/index.php\/wp-json\/wp\/v2\/comments?post=2369"}],"version-history":[{"count":3,"href":"https:\/\/tazig.fr\/index.php\/wp-json\/wp\/v2\/posts\/2369\/revisions"}],"predecessor-version":[{"id":2373,"href":"https:\/\/tazig.fr\/index.php\/wp-json\/wp\/v2\/posts\/2369\/revisions\/2373"}],"wp:featuredmedia":[{"embeddable":true,"href":"https:\/\/tazig.fr\/index.php\/wp-json\/wp\/v2\/media\/2370"}],"wp:attachment":[{"href":"https:\/\/tazig.fr\/index.php\/wp-json\/wp\/v2\/media?parent=2369"}],"wp:term":[{"taxonomy":"category","embeddable":true,"href":"https:\/\/tazig.fr\/index.php\/wp-json\/wp\/v2\/categories?post=2369"},{"taxonomy":"post_tag","embeddable":true,"href":"https:\/\/tazig.fr\/index.php\/wp-json\/wp\/v2\/tags?post=2369"}],"curies":[{"name":"wp","href":"https:\/\/api.w.org\/{rel}","templated":true}]}}